{"id":6160,"date":"2026-03-11T15:30:37","date_gmt":"2026-03-11T15:30:37","guid":{"rendered":"https:\/\/bmcglobal.net\/magazine\/bqueek-tecnologia-propia-i-equip-huma-en-la-gestio-de-viatges-corporatius\/"},"modified":"2026-03-24T12:59:47","modified_gmt":"2026-03-24T12:59:47","slug":"bqueek-tecnologia-propia-i-equip-huma-en-la-gestio-de-viatges-corporatius","status":"publish","type":"post","link":"https:\/\/bmcglobal.net\/ca\/magazine\/bqueek-tecnologia-propia-i-equip-huma-en-la-gestio-de-viatges-corporatius\/","title":{"rendered":"BQueek: Tecnologia pr\u00f2pia i equip hum\u00e0 en la gesti\u00f3 de viatges corporatius"},"content":{"rendered":"\n<h2 class=\"wp-block-heading\">Com millorar la gesti\u00f3 de viatges d\u2019empresa amb tecnologia i equip expert<br\/><\/h2>\n\n<p>En la gesti\u00f3 de viatges corporatius, les empreses ja no busquen \u00fanicament rapidesa. Avui necessiten control, efici\u00e8ncia, tra\u00e7abilitat i seguretat en cada despla\u00e7ament professional. <\/p>\n\n<p>Optimitzar la despesa en <strong>business travel<\/strong>, mantenir la visibilitat sobre els viatges i reaccionar amb rapidesa davant de qualsevol imprevist s\u2019ha convertit en un factor clau per a la competitivitat de les companyies.<\/p>\n\n<p>A <strong>BMC Global<\/strong> portem m\u00e9s de <strong>25 a\u00f1os especializados en viajes de empresa<\/strong>. Durant aquest temps hem acompanyat organitzacions de diferents sectors en la planificaci\u00f3 i gesti\u00f3 dels seus despla\u00e7aments professionals, tant a Espanya com en mercats internacionals. <\/p>\n\n<p>Aquesta experi\u00e8ncia ens ha perm\u00e8s observar com el sector ha evolucionat cap a una gesti\u00f3 cada vegada m\u00e9s estrat\u00e8gica del viatge corporatiu. I aquesta evoluci\u00f3 ens va portar a prendre una decisi\u00f3 clara: refor\u00e7ar la nostra inversi\u00f3 en tecnologia pr\u00f2pia sense renunciar al valor de l\u2019equip hum\u00e0. <\/p>\n\n<p>Aix\u00ed va n\u00e8ixer <strong><a href=\"https:\/\/bqueek.com\/\" type=\"link\" id=\"https:\/\/bqueek.com\/\">BQueek<\/a><\/strong>.<\/p>\n\n<div style=\"height:38px\" aria-hidden=\"true\" class=\"wp-block-spacer\"><\/div>\n\n<h2 class=\"wp-block-heading\">BQueek: una plataforma pr\u00f2pia per centralitzar la gesti\u00f3 de viatges d\u2019empresa<\/h2>\n\n<p><strong>BQueek<\/strong> \u00e9s la soluci\u00f3 tecnol\u00f2gica desenvolupada internament per BMC Global per centralitzar i optimitzar la gesti\u00f3 integral dels viatges corporatius per <strong>centralitzar i optimitzar la gesti\u00f3 integral dela viatges corporatius.<\/strong><\/p>\n\n<p>La plataforma integra en un \u00fanic entorn tots els processos del viatge d\u2019empresa: des de la reserva fins a l\u2019an\u00e0lisi de la despesa en <strong>business travel<\/strong>.<\/p>\n\n<p>Entre les seves principals funcionalitats destaquen:<\/p>\n\n<ul class=\"wp-block-list\">\n<li>Automatizaci\u00f3 de <strong>circuits d&#8217;aprovaci\u00f3 de viatges corporatius<\/strong><\/li>\n\n\n\n<li>Integraci\u00f3 de la <strong>travel policy<\/strong> de cada empresa<\/li>\n\n\n\n<li><strong>Reporting en temps real<\/strong> per controlar la despesa<\/li>\n\n\n\n<li>Centralitzaci\u00f3 de <strong>reserves, documentaci\u00f3 i seguiment del viatges<\/strong><\/li>\n\n\n\n<li><strong>Major tra\u00e7abilitat i visibilitat<\/strong> de cada despla\u00e7ament professional<\/li>\n<\/ul>\n\n<p>Gr\u00e0cies a aquesta integraci\u00f3, les empreses poden <strong>reduir temps de gesti\u00f3, millorar el control pressupostari i prendre decisions basades en dades<\/strong>.<\/p>\n\n<p>En un entorn empresarial on l\u2019efici\u00e8ncia \u00e9s clau, disposar d\u2019una plataforma especialitzada en la <strong>gesti\u00f3 de viatges corporatius<\/strong> permet optimitzar recursos i millorar l\u2019organitzaci\u00f3 interna.<\/p>\n\n<h2 class=\"wp-block-heading\">Tecnologia i equip expert: el model de gesti\u00f3 de viatges corporatius de BMC Global<\/h2>\n\n<p>A BMC Global entenem que el <strong>business travel<\/strong> no es solo una cuesti\u00f3n operativa. no \u00e9s nom\u00e9s una q\u00fcesti\u00f3 operativa. \u00c9s tamb\u00e9 <strong>gesti\u00f3 estrat\u00e8gica, anticipaci\u00f3 i capacitat de resposta<\/strong>. <\/p>\n\n<p>Per aix\u00f2, mentre desenvolup\u00e0vem <strong>BQueek<\/strong>, tamb\u00e9 vam refor\u00e7ar els nostres <strong>equips especialitzats en viatges corporatius<\/strong> i el nostre servei permanent d\u2019atenci\u00f3.<\/p>\n\n<p>La majoria dels despla\u00e7aments es poden gestionar avui de manera \u00e0gil i aut\u00f2noma gr\u00e0cies a la tecnologia. Tanmateix, quan sorgeixen canvis d\u2019\u00faltima hora, viatges complexos o incid\u00e8ncies, <strong>la difer\u00e8ncia la marca l&#8217;experi\u00e8ncia del equip que interv\u00e9<\/strong> <\/p>\n\n<p>El nostre enfocament combina:<\/p>\n\n<ul class=\"wp-block-list\">\n<li><strong>Autonomia digital<\/strong> per agilitzar la gesti\u00f3 del viatge<\/li>\n\n\n\n<li><strong>Suport expert<\/strong> per resoldre situacions complexes<\/li>\n\n\n\n<li><strong>Atenci\u00f3 personalitzada<\/strong> aabans, durant i despr\u00e9s del despla\u00e7ament<\/li>\n<\/ul>\n\n<p>La tecnologia optimitza els processos. Les persones garanteixen la resoluci\u00f3. <\/p>\n\n<p>Aquest equilibri ens permet posicionar-nos com a <strong>partner estrat\u00e8gic en la gesti\u00f3 de viatges d&#8217;empresa<\/strong>, m\u00e9s enll\u00e0 d\u2019un prove\u00efdor operatiu.<\/p>\n\n<p><\/p>\n\n<h2 class=\"wp-block-heading\">Una evoluci\u00f3 en el business travel<\/h2>\n\n<h3 class=\"wp-block-heading\">BQueek no \u00e9s nom\u00e9s una eina per reservar vols o hotels.<\/h3>\n\n<p>\u00c9s el resultat d\u2019una estrat\u00e8gia clara orientada a <strong>millorar la gesti\u00f3 dels viatges corporatius a Espanya, <\/strong>aportant m\u00e9s control, efici\u00e8ncia i seguretat sense perdre la proximitat amb el client.<\/p>\n\n<p>Continuem acompanyant els nostres clients <strong>abans, durant i despr\u00e9s del viatge<\/strong>. Ara amb una plataforma que centralitza la informaci\u00f3 i un equip preparat per intervenir quan realment importa. <\/p>\n\n<p>Perqu\u00e8 en el <strong>viatge corporatiu actual<\/strong>, la clau no est\u00e0 a triar entre tecnologia o persones.<\/p>\n\n<p>La clau est\u00e0 en <strong>integrar-les de forma coherent<\/strong>.<\/p>\n\n<p>Aix\u00f2 \u00e9s el que representa <strong><a href=\"https:\/\/bmcglobal.net\/ca\/bqueek\/\" type=\"link\" id=\"https:\/\/bmcglobal.net\/es\/bqueek\/\">BQueek<\/a><\/strong>.<\/p>\n\n<p><\/p>\n\n<h3 class=\"wp-block-heading\"><strong>La innovaci\u00f3 darrere de BQueek tamb\u00e9 ha estat destacada als mitjans<\/strong><\/h3>\n\n<p>A <strong>La Vanguardia<\/strong> parlem sobre aquesta tecnologia de BMC Global i el seu impacte en l\u2019evoluci\u00f3 de la gesti\u00f3 dels viatges corporatius. Si vols llegir l\u2019article complet, fes clic <strong><a href=\"https:\/\/www.lavanguardia.com\/empresas-de-vanguardia\/historias-de-exito\/20260121\/11367073\/agencia-viajes-corporativos-apuesta-tecnologia-renunciar-factor-humano-les-acompanamos-viaje.html\" type=\"link\" id=\"https:\/\/www.lavanguardia.com\/empresas-de-vanguardia\/historias-de-exito\/20260121\/11367073\/agencia-viajes-corporativos-apuesta-tecnologia-renunciar-factor-humano-les-acompanamos-viaje.html\">aqu\u00ed<\/a><\/strong>. <\/p>\n","protected":false},"excerpt":{"rendered":"<p>Descobreix BQueek, la plataforma de BMC Global per optimitzar la gesti\u00f3 de viatges corporatius amb m\u00e9s control, efici\u00e8ncia i an\u00e0lisi de la despesa.<\/p>\n","protected":false},"author":5,"featured_media":6023,"comment_status":"open","ping_status":"open","sticky":false,"template":"","format":"standard","meta":{"_acf_changed":false,"footnotes":""},"categories":[33],"tags":[],"class_list":["post-6160","post","type-post","status-publish","format-standard","has-post-thumbnail","hentry","category-business-travel-ca"],"acf":[],"yoast_head":"<!-- This site is optimized with the Yoast SEO plugin v27.4 - https:\/\/yoast.com\/product\/yoast-seo-wordpress\/ -->\n<title>BQueek: Tecnologia pr\u00f2pia i equip hum\u00e0 en la gesti\u00f3 de viatges corporatius<\/title>\n<meta name=\"description\" content=\"Descobreix BQueek, la plataforma de BMC Global per optimitzar la gesti\u00f3 de viatges corporatius amb m\u00e9s control, efici\u00e8ncia i an\u00e0lisi de la despesa.\" \/>\n<meta name=\"robots\" content=\"index, follow, max-snippet:-1, max-image-preview:large, max-video-preview:-1\" \/>\n<link rel=\"canonical\" href=\"https:\/\/bmcglobal.net\/ca\/magazine\/bqueek-tecnologia-propia-i-equip-huma-en-la-gestio-de-viatges-corporatius\/\" \/>\n<meta property=\"og:locale\" content=\"ca_ES\" \/>\n<meta property=\"og:type\" content=\"article\" \/>\n<meta property=\"og:title\" content=\"BQueek: Tecnologia pr\u00f2pia i equip hum\u00e0 en la gesti\u00f3 de viatges corporatius\" \/>\n<meta property=\"og:description\" content=\"Descobreix BQueek, la plataforma de BMC Global per optimitzar la gesti\u00f3 de viatges corporatius amb m\u00e9s control, efici\u00e8ncia i an\u00e0lisi de la despesa.\" \/>\n<meta property=\"og:url\" content=\"https:\/\/bmcglobal.net\/ca\/magazine\/bqueek-tecnologia-propia-i-equip-huma-en-la-gestio-de-viatges-corporatius\/\" \/>\n<meta property=\"og:site_name\" content=\"BMC Global\" \/>\n<meta property=\"article:published_time\" content=\"2026-03-11T15:30:37+00:00\" \/>\n<meta property=\"article:modified_time\" content=\"2026-03-24T12:59:47+00:00\" \/>\n<meta property=\"og:image\" content=\"https:\/\/bmcglobal.net\/wp-content\/uploads\/Imatges_articles_Promoviatges-19.jpg\" \/>\n\t<meta property=\"og:image:width\" content=\"1920\" \/>\n\t<meta property=\"og:image:height\" content=\"1200\" \/>\n\t<meta property=\"og:image:type\" content=\"image\/jpeg\" \/>\n<meta name=\"author\" content=\"Claudia\" \/>\n<meta name=\"twitter:card\" content=\"summary_large_image\" \/>\n<meta name=\"twitter:label1\" content=\"Written by\" \/>\n\t<meta name=\"twitter:data1\" content=\"Claudia\" \/>\n\t<meta name=\"twitter:label2\" content=\"Est. reading time\" \/>\n\t<meta name=\"twitter:data2\" content=\"3 minutes\" \/>\n<script type=\"application\/ld+json\" class=\"yoast-schema-graph\">{\"@context\":\"https:\\\/\\\/schema.org\",\"@graph\":[{\"@type\":\"Article\",\"@id\":\"https:\\\/\\\/bmcglobal.net\\\/ca\\\/magazine\\\/bqueek-tecnologia-propia-i-equip-huma-en-la-gestio-de-viatges-corporatius\\\/#article\",\"isPartOf\":{\"@id\":\"https:\\\/\\\/bmcglobal.net\\\/ca\\\/magazine\\\/bqueek-tecnologia-propia-i-equip-huma-en-la-gestio-de-viatges-corporatius\\\/\"},\"author\":{\"name\":\"Claudia\",\"@id\":\"https:\\\/\\\/bmcglobal.net\\\/ca\\\/#\\\/schema\\\/person\\\/4cede07c881c5791c368a5ca6208010e\"},\"headline\":\"BQueek: Tecnologia pr\u00f2pia i equip hum\u00e0 en la gesti\u00f3 de viatges corporatius\",\"datePublished\":\"2026-03-11T15:30:37+00:00\",\"dateModified\":\"2026-03-24T12:59:47+00:00\",\"mainEntityOfPage\":{\"@id\":\"https:\\\/\\\/bmcglobal.net\\\/ca\\\/magazine\\\/bqueek-tecnologia-propia-i-equip-huma-en-la-gestio-de-viatges-corporatius\\\/\"},\"wordCount\":689,\"commentCount\":0,\"publisher\":{\"@id\":\"https:\\\/\\\/bmcglobal.net\\\/ca\\\/#organization\"},\"image\":{\"@id\":\"https:\\\/\\\/bmcglobal.net\\\/ca\\\/magazine\\\/bqueek-tecnologia-propia-i-equip-huma-en-la-gestio-de-viatges-corporatius\\\/#primaryimage\"},\"thumbnailUrl\":\"https:\\\/\\\/bmcglobal.net\\\/wp-content\\\/uploads\\\/Imatges_articles_Promoviatges-19.jpg\",\"articleSection\":[\"Business travel\"],\"inLanguage\":\"ca\",\"potentialAction\":[{\"@type\":\"CommentAction\",\"name\":\"Comment\",\"target\":[\"https:\\\/\\\/bmcglobal.net\\\/ca\\\/magazine\\\/bqueek-tecnologia-propia-i-equip-huma-en-la-gestio-de-viatges-corporatius\\\/#respond\"]}]},{\"@type\":\"WebPage\",\"@id\":\"https:\\\/\\\/bmcglobal.net\\\/ca\\\/magazine\\\/bqueek-tecnologia-propia-i-equip-huma-en-la-gestio-de-viatges-corporatius\\\/\",\"url\":\"https:\\\/\\\/bmcglobal.net\\\/ca\\\/magazine\\\/bqueek-tecnologia-propia-i-equip-huma-en-la-gestio-de-viatges-corporatius\\\/\",\"name\":\"BQueek: Tecnologia pr\u00f2pia i equip hum\u00e0 en la gesti\u00f3 de viatges corporatius\",\"isPartOf\":{\"@id\":\"https:\\\/\\\/bmcglobal.net\\\/ca\\\/#website\"},\"primaryImageOfPage\":{\"@id\":\"https:\\\/\\\/bmcglobal.net\\\/ca\\\/magazine\\\/bqueek-tecnologia-propia-i-equip-huma-en-la-gestio-de-viatges-corporatius\\\/#primaryimage\"},\"image\":{\"@id\":\"https:\\\/\\\/bmcglobal.net\\\/ca\\\/magazine\\\/bqueek-tecnologia-propia-i-equip-huma-en-la-gestio-de-viatges-corporatius\\\/#primaryimage\"},\"thumbnailUrl\":\"https:\\\/\\\/bmcglobal.net\\\/wp-content\\\/uploads\\\/Imatges_articles_Promoviatges-19.jpg\",\"datePublished\":\"2026-03-11T15:30:37+00:00\",\"dateModified\":\"2026-03-24T12:59:47+00:00\",\"description\":\"Descobreix BQueek, la plataforma de BMC Global per optimitzar la gesti\u00f3 de viatges corporatius amb m\u00e9s control, efici\u00e8ncia i an\u00e0lisi de la despesa.\",\"breadcrumb\":{\"@id\":\"https:\\\/\\\/bmcglobal.net\\\/ca\\\/magazine\\\/bqueek-tecnologia-propia-i-equip-huma-en-la-gestio-de-viatges-corporatius\\\/#breadcrumb\"},\"inLanguage\":\"ca\",\"potentialAction\":[{\"@type\":\"ReadAction\",\"target\":[\"https:\\\/\\\/bmcglobal.net\\\/ca\\\/magazine\\\/bqueek-tecnologia-propia-i-equip-huma-en-la-gestio-de-viatges-corporatius\\\/\"]}]},{\"@type\":\"ImageObject\",\"inLanguage\":\"ca\",\"@id\":\"https:\\\/\\\/bmcglobal.net\\\/ca\\\/magazine\\\/bqueek-tecnologia-propia-i-equip-huma-en-la-gestio-de-viatges-corporatius\\\/#primaryimage\",\"url\":\"https:\\\/\\\/bmcglobal.net\\\/wp-content\\\/uploads\\\/Imatges_articles_Promoviatges-19.jpg\",\"contentUrl\":\"https:\\\/\\\/bmcglobal.net\\\/wp-content\\\/uploads\\\/Imatges_articles_Promoviatges-19.jpg\",\"width\":1920,\"height\":1200,\"caption\":\"Bqueek\"},{\"@type\":\"BreadcrumbList\",\"@id\":\"https:\\\/\\\/bmcglobal.net\\\/ca\\\/magazine\\\/bqueek-tecnologia-propia-i-equip-huma-en-la-gestio-de-viatges-corporatius\\\/#breadcrumb\",\"itemListElement\":[{\"@type\":\"ListItem\",\"position\":1,\"name\":\"Portada\",\"item\":\"https:\\\/\\\/bmcglobal.net\\\/ca\\\/\"},{\"@type\":\"ListItem\",\"position\":2,\"name\":\"BQueek: Tecnologia pr\u00f2pia i equip hum\u00e0 en la gesti\u00f3 de viatges corporatius\"}]},{\"@type\":\"WebSite\",\"@id\":\"https:\\\/\\\/bmcglobal.net\\\/ca\\\/#website\",\"url\":\"https:\\\/\\\/bmcglobal.net\\\/ca\\\/\",\"name\":\"BMC Global\",\"description\":\"Viatges i esdeveniments d'empresa\",\"publisher\":{\"@id\":\"https:\\\/\\\/bmcglobal.net\\\/ca\\\/#organization\"},\"potentialAction\":[{\"@type\":\"SearchAction\",\"target\":{\"@type\":\"EntryPoint\",\"urlTemplate\":\"https:\\\/\\\/bmcglobal.net\\\/ca\\\/?s={search_term_string}\"},\"query-input\":{\"@type\":\"PropertyValueSpecification\",\"valueRequired\":true,\"valueName\":\"search_term_string\"}}],\"inLanguage\":\"ca\"},{\"@type\":\"Organization\",\"@id\":\"https:\\\/\\\/bmcglobal.net\\\/ca\\\/#organization\",\"name\":\"BMC Global\",\"url\":\"https:\\\/\\\/bmcglobal.net\\\/ca\\\/\",\"logo\":{\"@type\":\"ImageObject\",\"inLanguage\":\"ca\",\"@id\":\"https:\\\/\\\/bmcglobal.net\\\/ca\\\/#\\\/schema\\\/logo\\\/image\\\/\",\"url\":\"https:\\\/\\\/bmcglobal.net\\\/wp-content\\\/uploads\\\/logo-bmcglobal.png\",\"contentUrl\":\"https:\\\/\\\/bmcglobal.net\\\/wp-content\\\/uploads\\\/logo-bmcglobal.png\",\"width\":3270,\"height\":709,\"caption\":\"BMC Global\"},\"image\":{\"@id\":\"https:\\\/\\\/bmcglobal.net\\\/ca\\\/#\\\/schema\\\/logo\\\/image\\\/\"}},{\"@type\":\"Person\",\"@id\":\"https:\\\/\\\/bmcglobal.net\\\/ca\\\/#\\\/schema\\\/person\\\/4cede07c881c5791c368a5ca6208010e\",\"name\":\"Claudia\"}]}<\/script>\n<!-- \/ Yoast SEO plugin. -->","yoast_head_json":{"title":"BQueek: Tecnologia pr\u00f2pia i equip hum\u00e0 en la gesti\u00f3 de viatges corporatius","description":"Descobreix BQueek, la plataforma de BMC Global per optimitzar la gesti\u00f3 de viatges corporatius amb m\u00e9s control, efici\u00e8ncia i an\u00e0lisi de la despesa.","robots":{"index":"index","follow":"follow","max-snippet":"max-snippet:-1","max-image-preview":"max-image-preview:large","max-video-preview":"max-video-preview:-1"},"canonical":"https:\/\/bmcglobal.net\/ca\/magazine\/bqueek-tecnologia-propia-i-equip-huma-en-la-gestio-de-viatges-corporatius\/","og_locale":"ca_ES","og_type":"article","og_title":"BQueek: Tecnologia pr\u00f2pia i equip hum\u00e0 en la gesti\u00f3 de viatges corporatius","og_description":"Descobreix BQueek, la plataforma de BMC Global per optimitzar la gesti\u00f3 de viatges corporatius amb m\u00e9s control, efici\u00e8ncia i an\u00e0lisi de la despesa.","og_url":"https:\/\/bmcglobal.net\/ca\/magazine\/bqueek-tecnologia-propia-i-equip-huma-en-la-gestio-de-viatges-corporatius\/","og_site_name":"BMC Global","article_published_time":"2026-03-11T15:30:37+00:00","article_modified_time":"2026-03-24T12:59:47+00:00","og_image":[{"width":1920,"height":1200,"url":"https:\/\/bmcglobal.net\/wp-content\/uploads\/Imatges_articles_Promoviatges-19.jpg","type":"image\/jpeg"}],"author":"Claudia","twitter_card":"summary_large_image","twitter_misc":{"Written by":"Claudia","Est. reading time":"3 minutes"},"schema":{"@context":"https:\/\/schema.org","@graph":[{"@type":"Article","@id":"https:\/\/bmcglobal.net\/ca\/magazine\/bqueek-tecnologia-propia-i-equip-huma-en-la-gestio-de-viatges-corporatius\/#article","isPartOf":{"@id":"https:\/\/bmcglobal.net\/ca\/magazine\/bqueek-tecnologia-propia-i-equip-huma-en-la-gestio-de-viatges-corporatius\/"},"author":{"name":"Claudia","@id":"https:\/\/bmcglobal.net\/ca\/#\/schema\/person\/4cede07c881c5791c368a5ca6208010e"},"headline":"BQueek: Tecnologia pr\u00f2pia i equip hum\u00e0 en la gesti\u00f3 de viatges corporatius","datePublished":"2026-03-11T15:30:37+00:00","dateModified":"2026-03-24T12:59:47+00:00","mainEntityOfPage":{"@id":"https:\/\/bmcglobal.net\/ca\/magazine\/bqueek-tecnologia-propia-i-equip-huma-en-la-gestio-de-viatges-corporatius\/"},"wordCount":689,"commentCount":0,"publisher":{"@id":"https:\/\/bmcglobal.net\/ca\/#organization"},"image":{"@id":"https:\/\/bmcglobal.net\/ca\/magazine\/bqueek-tecnologia-propia-i-equip-huma-en-la-gestio-de-viatges-corporatius\/#primaryimage"},"thumbnailUrl":"https:\/\/bmcglobal.net\/wp-content\/uploads\/Imatges_articles_Promoviatges-19.jpg","articleSection":["Business travel"],"inLanguage":"ca","potentialAction":[{"@type":"CommentAction","name":"Comment","target":["https:\/\/bmcglobal.net\/ca\/magazine\/bqueek-tecnologia-propia-i-equip-huma-en-la-gestio-de-viatges-corporatius\/#respond"]}]},{"@type":"WebPage","@id":"https:\/\/bmcglobal.net\/ca\/magazine\/bqueek-tecnologia-propia-i-equip-huma-en-la-gestio-de-viatges-corporatius\/","url":"https:\/\/bmcglobal.net\/ca\/magazine\/bqueek-tecnologia-propia-i-equip-huma-en-la-gestio-de-viatges-corporatius\/","name":"BQueek: Tecnologia pr\u00f2pia i equip hum\u00e0 en la gesti\u00f3 de viatges corporatius","isPartOf":{"@id":"https:\/\/bmcglobal.net\/ca\/#website"},"primaryImageOfPage":{"@id":"https:\/\/bmcglobal.net\/ca\/magazine\/bqueek-tecnologia-propia-i-equip-huma-en-la-gestio-de-viatges-corporatius\/#primaryimage"},"image":{"@id":"https:\/\/bmcglobal.net\/ca\/magazine\/bqueek-tecnologia-propia-i-equip-huma-en-la-gestio-de-viatges-corporatius\/#primaryimage"},"thumbnailUrl":"https:\/\/bmcglobal.net\/wp-content\/uploads\/Imatges_articles_Promoviatges-19.jpg","datePublished":"2026-03-11T15:30:37+00:00","dateModified":"2026-03-24T12:59:47+00:00","description":"Descobreix BQueek, la plataforma de BMC Global per optimitzar la gesti\u00f3 de viatges corporatius amb m\u00e9s control, efici\u00e8ncia i an\u00e0lisi de la despesa.","breadcrumb":{"@id":"https:\/\/bmcglobal.net\/ca\/magazine\/bqueek-tecnologia-propia-i-equip-huma-en-la-gestio-de-viatges-corporatius\/#breadcrumb"},"inLanguage":"ca","potentialAction":[{"@type":"ReadAction","target":["https:\/\/bmcglobal.net\/ca\/magazine\/bqueek-tecnologia-propia-i-equip-huma-en-la-gestio-de-viatges-corporatius\/"]}]},{"@type":"ImageObject","inLanguage":"ca","@id":"https:\/\/bmcglobal.net\/ca\/magazine\/bqueek-tecnologia-propia-i-equip-huma-en-la-gestio-de-viatges-corporatius\/#primaryimage","url":"https:\/\/bmcglobal.net\/wp-content\/uploads\/Imatges_articles_Promoviatges-19.jpg","contentUrl":"https:\/\/bmcglobal.net\/wp-content\/uploads\/Imatges_articles_Promoviatges-19.jpg","width":1920,"height":1200,"caption":"Bqueek"},{"@type":"BreadcrumbList","@id":"https:\/\/bmcglobal.net\/ca\/magazine\/bqueek-tecnologia-propia-i-equip-huma-en-la-gestio-de-viatges-corporatius\/#breadcrumb","itemListElement":[{"@type":"ListItem","position":1,"name":"Portada","item":"https:\/\/bmcglobal.net\/ca\/"},{"@type":"ListItem","position":2,"name":"BQueek: Tecnologia pr\u00f2pia i equip hum\u00e0 en la gesti\u00f3 de viatges corporatius"}]},{"@type":"WebSite","@id":"https:\/\/bmcglobal.net\/ca\/#website","url":"https:\/\/bmcglobal.net\/ca\/","name":"BMC Global","description":"Viatges i esdeveniments d'empresa","publisher":{"@id":"https:\/\/bmcglobal.net\/ca\/#organization"},"potentialAction":[{"@type":"SearchAction","target":{"@type":"EntryPoint","urlTemplate":"https:\/\/bmcglobal.net\/ca\/?s={search_term_string}"},"query-input":{"@type":"PropertyValueSpecification","valueRequired":true,"valueName":"search_term_string"}}],"inLanguage":"ca"},{"@type":"Organization","@id":"https:\/\/bmcglobal.net\/ca\/#organization","name":"BMC Global","url":"https:\/\/bmcglobal.net\/ca\/","logo":{"@type":"ImageObject","inLanguage":"ca","@id":"https:\/\/bmcglobal.net\/ca\/#\/schema\/logo\/image\/","url":"https:\/\/bmcglobal.net\/wp-content\/uploads\/logo-bmcglobal.png","contentUrl":"https:\/\/bmcglobal.net\/wp-content\/uploads\/logo-bmcglobal.png","width":3270,"height":709,"caption":"BMC Global"},"image":{"@id":"https:\/\/bmcglobal.net\/ca\/#\/schema\/logo\/image\/"}},{"@type":"Person","@id":"https:\/\/bmcglobal.net\/ca\/#\/schema\/person\/4cede07c881c5791c368a5ca6208010e","name":"Claudia"}]}},"_links":{"self":[{"href":"https:\/\/bmcglobal.net\/ca\/wp-json\/wp\/v2\/posts\/6160","targetHints":{"allow":["GET"]}}],"collection":[{"href":"https:\/\/bmcglobal.net\/ca\/wp-json\/wp\/v2\/posts"}],"about":[{"href":"https:\/\/bmcglobal.net\/ca\/wp-json\/wp\/v2\/types\/post"}],"author":[{"embeddable":true,"href":"https:\/\/bmcglobal.net\/ca\/wp-json\/wp\/v2\/users\/5"}],"replies":[{"embeddable":true,"href":"https:\/\/bmcglobal.net\/ca\/wp-json\/wp\/v2\/comments?post=6160"}],"version-history":[{"count":4,"href":"https:\/\/bmcglobal.net\/ca\/wp-json\/wp\/v2\/posts\/6160\/revisions"}],"predecessor-version":[{"id":6169,"href":"https:\/\/bmcglobal.net\/ca\/wp-json\/wp\/v2\/posts\/6160\/revisions\/6169"}],"wp:featuredmedia":[{"embeddable":true,"href":"https:\/\/bmcglobal.net\/ca\/wp-json\/wp\/v2\/media\/6023"}],"wp:attachment":[{"href":"https:\/\/bmcglobal.net\/ca\/wp-json\/wp\/v2\/media?parent=6160"}],"wp:term":[{"taxonomy":"category","embeddable":true,"href":"https:\/\/bmcglobal.net\/ca\/wp-json\/wp\/v2\/categories?post=6160"},{"taxonomy":"post_tag","embeddable":true,"href":"https:\/\/bmcglobal.net\/ca\/wp-json\/wp\/v2\/tags?post=6160"}],"curies":[{"name":"wp","href":"https:\/\/api.w.org\/{rel}","templated":true}]}}